{"id":219,"date":"2024-05-10T07:42:57","date_gmt":"2024-05-10T07:42:57","guid":{"rendered":"https:\/\/www.iaph.es\/patrimonioygenero\/?p=219"},"modified":"2025-01-18T11:13:31","modified_gmt":"2025-01-18T11:13:31","slug":"la-sala-de-astronautas","status":"publish","type":"post","link":"https:\/\/www.iaph.es\/patrimonioygenero\/la-sala-de-astronautas\/","title":{"rendered":"La sala de astronautas"},"content":{"rendered":"\n<figure class=\"wp-block-audio\"><audio controls src=\"https:\/\/www.iaph.es\/patrimonioygenero\/wp-content\/uploads\/2024\/05\/LOLA-JODAR-13.mp3\"><\/audio><\/figure>\n","protected":false},"excerpt":{"rendered":"<p>Cuando nos animan a que proyectemos de una manera visual nuestro futuro, o al menos el que nos gustar\u00eda tener, sobre todo en el \u00e1mbito laboral, a menudo tomamos fuentes diversas para proyectar esa idea. En no pocas ocasiones, incluso habiendo conseguido lo que consideramos nuestro sue\u00f1o, nuestro deseo, al entrar por primera vez en nuestro lugar de trabajo, la realidad supera la ficci\u00f3n. La voz de Lola, nos relata que sinti\u00f3 al entrar por primera vez en aquella sala \u201c de astronautas\u201d.<\/p>\n","protected":false},"author":1,"featured_media":222,"comment_status":"open","ping_status":"open","sticky":false,"template":"","format":"standard","meta":{"footnotes":""},"categories":[7],"tags":[15,23],"class_list":["post-219","post","type-post","status-publish","format-standard","has-post-thumbnail","hentry","category-a-tus-ojos-mi-voz","tag-ceramista","tag-lola-jodar-de-las-penas"],"yoast_head":"<!-- This site is optimized with the Yoast SEO plugin v27.2 - https:\/\/yoast.com\/product\/yoast-seo-wordpress\/ -->\n<title>La sala de astronautas - Patrimonio y g\u00e9nero<\/title>\n<meta name=\"robots\" content=\"index, follow, max-snippet:-1, max-image-preview:large, max-video-preview:-1\" \/>\n<link rel=\"canonical\" href=\"https:\/\/www.iaph.es\/patrimonioygenero\/la-sala-de-astronautas\/\" \/>\n<meta property=\"og:locale\" content=\"es_ES\" \/>\n<meta property=\"og:type\" content=\"article\" \/>\n<meta property=\"og:title\" content=\"La sala de astronautas - Patrimonio y g\u00e9nero\" \/>\n<meta property=\"og:description\" content=\"Cuando nos animan a que proyectemos de una manera visual nuestro futuro, o al menos el que nos gustar\u00eda tener, sobre todo en el \u00e1mbito laboral, a menudo tomamos fuentes diversas para proyectar esa idea. En no pocas ocasiones, incluso habiendo conseguido lo que consideramos nuestro sue\u00f1o, nuestro deseo, al entrar por primera vez en nuestro lugar de trabajo, la realidad supera la ficci\u00f3n. La voz de Lola, nos relata que sinti\u00f3 al entrar por primera vez en aquella sala \u201c de astronautas\u201d.\" \/>\n<meta property=\"og:url\" content=\"https:\/\/www.iaph.es\/patrimonioygenero\/la-sala-de-astronautas\/\" \/>\n<meta property=\"og:site_name\" content=\"Patrimonio y g\u00e9nero\" \/>\n<meta property=\"article:published_time\" content=\"2024-05-10T07:42:57+00:00\" \/>\n<meta property=\"article:modified_time\" content=\"2025-01-18T11:13:31+00:00\" \/>\n<meta property=\"og:image\" content=\"https:\/\/www.iaph.es\/patrimonioygenero\/wp-content\/uploads\/2024\/05\/WEB_A-TUS-OJOS-MI-VOZ-109.jpg\" \/>\n\t<meta property=\"og:image:width\" content=\"591\" \/>\n\t<meta property=\"og:image:height\" content=\"886\" \/>\n\t<meta property=\"og:image:type\" content=\"image\/jpeg\" \/>\n<meta name=\"author\" content=\"hoolistic\" \/>\n<meta name=\"twitter:card\" content=\"summary_large_image\" \/>\n<meta name=\"twitter:label1\" content=\"Escrito por\" \/>\n\t<meta name=\"twitter:data1\" content=\"hoolistic\" \/>\n\t<meta name=\"twitter:label2\" content=\"Tiempo de lectura\" \/>\n\t<meta name=\"twitter:data2\" content=\"1 minuto\" \/>\n<script type=\"application\/ld+json\" class=\"yoast-schema-graph\">{\"@context\":\"https:\/\/schema.org\",\"@graph\":[{\"@type\":\"Article\",\"@id\":\"https:\/\/www.iaph.es\/patrimonioygenero\/la-sala-de-astronautas\/#article\",\"isPartOf\":{\"@id\":\"https:\/\/www.iaph.es\/patrimonioygenero\/la-sala-de-astronautas\/\"},\"author\":{\"name\":\"hoolistic\",\"@id\":\"https:\/\/www.iaph.es\/patrimonioygenero\/#\/schema\/person\/e95f0e0c2a113f44c8b42ee883406b59\"},\"headline\":\"La sala de astronautas\",\"datePublished\":\"2024-05-10T07:42:57+00:00\",\"dateModified\":\"2025-01-18T11:13:31+00:00\",\"mainEntityOfPage\":{\"@id\":\"https:\/\/www.iaph.es\/patrimonioygenero\/la-sala-de-astronautas\/\"},\"wordCount\":4,\"commentCount\":0,\"image\":{\"@id\":\"https:\/\/www.iaph.es\/patrimonioygenero\/la-sala-de-astronautas\/#primaryimage\"},\"thumbnailUrl\":\"https:\/\/www.iaph.es\/patrimonioygenero\/wp-content\/uploads\/2024\/05\/WEB_A-TUS-OJOS-MI-VOZ-109.jpg\",\"keywords\":[\"Ceramista\",\"Lola J\u00f3dar de las Pe\u00f1as\"],\"articleSection\":[\"A tus ojos mi voz\"],\"inLanguage\":\"es\",\"potentialAction\":[{\"@type\":\"CommentAction\",\"name\":\"Comment\",\"target\":[\"https:\/\/www.iaph.es\/patrimonioygenero\/la-sala-de-astronautas\/#respond\"]}]},{\"@type\":\"WebPage\",\"@id\":\"https:\/\/www.iaph.es\/patrimonioygenero\/la-sala-de-astronautas\/\",\"url\":\"https:\/\/www.iaph.es\/patrimonioygenero\/la-sala-de-astronautas\/\",\"name\":\"La sala de astronautas - Patrimonio y g\u00e9nero\",\"isPartOf\":{\"@id\":\"https:\/\/www.iaph.es\/patrimonioygenero\/#website\"},\"primaryImageOfPage\":{\"@id\":\"https:\/\/www.iaph.es\/patrimonioygenero\/la-sala-de-astronautas\/#primaryimage\"},\"image\":{\"@id\":\"https:\/\/www.iaph.es\/patrimonioygenero\/la-sala-de-astronautas\/#primaryimage\"},\"thumbnailUrl\":\"https:\/\/www.iaph.es\/patrimonioygenero\/wp-content\/uploads\/2024\/05\/WEB_A-TUS-OJOS-MI-VOZ-109.jpg\",\"datePublished\":\"2024-05-10T07:42:57+00:00\",\"dateModified\":\"2025-01-18T11:13:31+00:00\",\"author\":{\"@id\":\"https:\/\/www.iaph.es\/patrimonioygenero\/#\/schema\/person\/e95f0e0c2a113f44c8b42ee883406b59\"},\"breadcrumb\":{\"@id\":\"https:\/\/www.iaph.es\/patrimonioygenero\/la-sala-de-astronautas\/#breadcrumb\"},\"inLanguage\":\"es\",\"potentialAction\":[{\"@type\":\"ReadAction\",\"target\":[\"https:\/\/www.iaph.es\/patrimonioygenero\/la-sala-de-astronautas\/\"]}]},{\"@type\":\"ImageObject\",\"inLanguage\":\"es\",\"@id\":\"https:\/\/www.iaph.es\/patrimonioygenero\/la-sala-de-astronautas\/#primaryimage\",\"url\":\"https:\/\/www.iaph.es\/patrimonioygenero\/wp-content\/uploads\/2024\/05\/WEB_A-TUS-OJOS-MI-VOZ-109.jpg\",\"contentUrl\":\"https:\/\/www.iaph.es\/patrimonioygenero\/wp-content\/uploads\/2024\/05\/WEB_A-TUS-OJOS-MI-VOZ-109.jpg\",\"width\":591,\"height\":886,\"caption\":\"Lola\"},{\"@type\":\"BreadcrumbList\",\"@id\":\"https:\/\/www.iaph.es\/patrimonioygenero\/la-sala-de-astronautas\/#breadcrumb\",\"itemListElement\":[{\"@type\":\"ListItem\",\"position\":1,\"name\":\"Portada\",\"item\":\"https:\/\/www.iaph.es\/patrimonioygenero\/\"},{\"@type\":\"ListItem\",\"position\":2,\"name\":\"La sala de astronautas\"}]},{\"@type\":\"WebSite\",\"@id\":\"https:\/\/www.iaph.es\/patrimonioygenero\/#website\",\"url\":\"https:\/\/www.iaph.es\/patrimonioygenero\/\",\"name\":\"IAPH 2024\",\"description\":\"\",\"potentialAction\":[{\"@type\":\"SearchAction\",\"target\":{\"@type\":\"EntryPoint\",\"urlTemplate\":\"https:\/\/www.iaph.es\/patrimonioygenero\/?s={search_term_string}\"},\"query-input\":{\"@type\":\"PropertyValueSpecification\",\"valueRequired\":true,\"valueName\":\"search_term_string\"}}],\"inLanguage\":\"es\"},{\"@type\":\"Person\",\"@id\":\"https:\/\/www.iaph.es\/patrimonioygenero\/#\/schema\/person\/e95f0e0c2a113f44c8b42ee883406b59\",\"name\":\"hoolistic\",\"image\":{\"@type\":\"ImageObject\",\"inLanguage\":\"es\",\"@id\":\"https:\/\/secure.gravatar.com\/avatar\/a38d59e29b65acbacacc3e2803f14de9f7219cd601d5ee754928773a47688828?s=96&d=mm&r=g\",\"url\":\"https:\/\/secure.gravatar.com\/avatar\/a38d59e29b65acbacacc3e2803f14de9f7219cd601d5ee754928773a47688828?s=96&d=mm&r=g\",\"contentUrl\":\"https:\/\/secure.gravatar.com\/avatar\/a38d59e29b65acbacacc3e2803f14de9f7219cd601d5ee754928773a47688828?s=96&d=mm&r=g\",\"caption\":\"hoolistic\"},\"sameAs\":[\"https:\/\/www.iaph.es\/patrimonioygenero\"],\"url\":\"https:\/\/www.iaph.es\/patrimonioygenero\/author\/hoolistic\/\"}]}<\/script>\n<!-- \/ Yoast SEO plugin. -->","yoast_head_json":{"title":"La sala de astronautas - Patrimonio y g\u00e9nero","robots":{"index":"index","follow":"follow","max-snippet":"max-snippet:-1","max-image-preview":"max-image-preview:large","max-video-preview":"max-video-preview:-1"},"canonical":"https:\/\/www.iaph.es\/patrimonioygenero\/la-sala-de-astronautas\/","og_locale":"es_ES","og_type":"article","og_title":"La sala de astronautas - Patrimonio y g\u00e9nero","og_description":"Cuando nos animan a que proyectemos de una manera visual nuestro futuro, o al menos el que nos gustar\u00eda tener, sobre todo en el \u00e1mbito laboral, a menudo tomamos fuentes diversas para proyectar esa idea. En no pocas ocasiones, incluso habiendo conseguido lo que consideramos nuestro sue\u00f1o, nuestro deseo, al entrar por primera vez en nuestro lugar de trabajo, la realidad supera la ficci\u00f3n. La voz de Lola, nos relata que sinti\u00f3 al entrar por primera vez en aquella sala \u201c de astronautas\u201d.","og_url":"https:\/\/www.iaph.es\/patrimonioygenero\/la-sala-de-astronautas\/","og_site_name":"Patrimonio y g\u00e9nero","article_published_time":"2024-05-10T07:42:57+00:00","article_modified_time":"2025-01-18T11:13:31+00:00","og_image":[{"width":591,"height":886,"url":"https:\/\/www.iaph.es\/patrimonioygenero\/wp-content\/uploads\/2024\/05\/WEB_A-TUS-OJOS-MI-VOZ-109.jpg","type":"image\/jpeg"}],"author":"hoolistic","twitter_card":"summary_large_image","twitter_misc":{"Escrito por":"hoolistic","Tiempo de lectura":"1 minuto"},"schema":{"@context":"https:\/\/schema.org","@graph":[{"@type":"Article","@id":"https:\/\/www.iaph.es\/patrimonioygenero\/la-sala-de-astronautas\/#article","isPartOf":{"@id":"https:\/\/www.iaph.es\/patrimonioygenero\/la-sala-de-astronautas\/"},"author":{"name":"hoolistic","@id":"https:\/\/www.iaph.es\/patrimonioygenero\/#\/schema\/person\/e95f0e0c2a113f44c8b42ee883406b59"},"headline":"La sala de astronautas","datePublished":"2024-05-10T07:42:57+00:00","dateModified":"2025-01-18T11:13:31+00:00","mainEntityOfPage":{"@id":"https:\/\/www.iaph.es\/patrimonioygenero\/la-sala-de-astronautas\/"},"wordCount":4,"commentCount":0,"image":{"@id":"https:\/\/www.iaph.es\/patrimonioygenero\/la-sala-de-astronautas\/#primaryimage"},"thumbnailUrl":"https:\/\/www.iaph.es\/patrimonioygenero\/wp-content\/uploads\/2024\/05\/WEB_A-TUS-OJOS-MI-VOZ-109.jpg","keywords":["Ceramista","Lola J\u00f3dar de las Pe\u00f1as"],"articleSection":["A tus ojos mi voz"],"inLanguage":"es","potentialAction":[{"@type":"CommentAction","name":"Comment","target":["https:\/\/www.iaph.es\/patrimonioygenero\/la-sala-de-astronautas\/#respond"]}]},{"@type":"WebPage","@id":"https:\/\/www.iaph.es\/patrimonioygenero\/la-sala-de-astronautas\/","url":"https:\/\/www.iaph.es\/patrimonioygenero\/la-sala-de-astronautas\/","name":"La sala de astronautas - Patrimonio y g\u00e9nero","isPartOf":{"@id":"https:\/\/www.iaph.es\/patrimonioygenero\/#website"},"primaryImageOfPage":{"@id":"https:\/\/www.iaph.es\/patrimonioygenero\/la-sala-de-astronautas\/#primaryimage"},"image":{"@id":"https:\/\/www.iaph.es\/patrimonioygenero\/la-sala-de-astronautas\/#primaryimage"},"thumbnailUrl":"https:\/\/www.iaph.es\/patrimonioygenero\/wp-content\/uploads\/2024\/05\/WEB_A-TUS-OJOS-MI-VOZ-109.jpg","datePublished":"2024-05-10T07:42:57+00:00","dateModified":"2025-01-18T11:13:31+00:00","author":{"@id":"https:\/\/www.iaph.es\/patrimonioygenero\/#\/schema\/person\/e95f0e0c2a113f44c8b42ee883406b59"},"breadcrumb":{"@id":"https:\/\/www.iaph.es\/patrimonioygenero\/la-sala-de-astronautas\/#breadcrumb"},"inLanguage":"es","potentialAction":[{"@type":"ReadAction","target":["https:\/\/www.iaph.es\/patrimonioygenero\/la-sala-de-astronautas\/"]}]},{"@type":"ImageObject","inLanguage":"es","@id":"https:\/\/www.iaph.es\/patrimonioygenero\/la-sala-de-astronautas\/#primaryimage","url":"https:\/\/www.iaph.es\/patrimonioygenero\/wp-content\/uploads\/2024\/05\/WEB_A-TUS-OJOS-MI-VOZ-109.jpg","contentUrl":"https:\/\/www.iaph.es\/patrimonioygenero\/wp-content\/uploads\/2024\/05\/WEB_A-TUS-OJOS-MI-VOZ-109.jpg","width":591,"height":886,"caption":"Lola"},{"@type":"BreadcrumbList","@id":"https:\/\/www.iaph.es\/patrimonioygenero\/la-sala-de-astronautas\/#breadcrumb","itemListElement":[{"@type":"ListItem","position":1,"name":"Portada","item":"https:\/\/www.iaph.es\/patrimonioygenero\/"},{"@type":"ListItem","position":2,"name":"La sala de astronautas"}]},{"@type":"WebSite","@id":"https:\/\/www.iaph.es\/patrimonioygenero\/#website","url":"https:\/\/www.iaph.es\/patrimonioygenero\/","name":"IAPH 2024","description":"","potentialAction":[{"@type":"SearchAction","target":{"@type":"EntryPoint","urlTemplate":"https:\/\/www.iaph.es\/patrimonioygenero\/?s={search_term_string}"},"query-input":{"@type":"PropertyValueSpecification","valueRequired":true,"valueName":"search_term_string"}}],"inLanguage":"es"},{"@type":"Person","@id":"https:\/\/www.iaph.es\/patrimonioygenero\/#\/schema\/person\/e95f0e0c2a113f44c8b42ee883406b59","name":"hoolistic","image":{"@type":"ImageObject","inLanguage":"es","@id":"https:\/\/secure.gravatar.com\/avatar\/a38d59e29b65acbacacc3e2803f14de9f7219cd601d5ee754928773a47688828?s=96&d=mm&r=g","url":"https:\/\/secure.gravatar.com\/avatar\/a38d59e29b65acbacacc3e2803f14de9f7219cd601d5ee754928773a47688828?s=96&d=mm&r=g","contentUrl":"https:\/\/secure.gravatar.com\/avatar\/a38d59e29b65acbacacc3e2803f14de9f7219cd601d5ee754928773a47688828?s=96&d=mm&r=g","caption":"hoolistic"},"sameAs":["https:\/\/www.iaph.es\/patrimonioygenero"],"url":"https:\/\/www.iaph.es\/patrimonioygenero\/author\/hoolistic\/"}]}},"_links":{"self":[{"href":"https:\/\/www.iaph.es\/patrimonioygenero\/wp-json\/wp\/v2\/posts\/219","targetHints":{"allow":["GET"]}}],"collection":[{"href":"https:\/\/www.iaph.es\/patrimonioygenero\/wp-json\/wp\/v2\/posts"}],"about":[{"href":"https:\/\/www.iaph.es\/patrimonioygenero\/wp-json\/wp\/v2\/types\/post"}],"author":[{"embeddable":true,"href":"https:\/\/www.iaph.es\/patrimonioygenero\/wp-json\/wp\/v2\/users\/1"}],"replies":[{"embeddable":true,"href":"https:\/\/www.iaph.es\/patrimonioygenero\/wp-json\/wp\/v2\/comments?post=219"}],"version-history":[{"count":5,"href":"https:\/\/www.iaph.es\/patrimonioygenero\/wp-json\/wp\/v2\/posts\/219\/revisions"}],"predecessor-version":[{"id":898,"href":"https:\/\/www.iaph.es\/patrimonioygenero\/wp-json\/wp\/v2\/posts\/219\/revisions\/898"}],"wp:featuredmedia":[{"embeddable":true,"href":"https:\/\/www.iaph.es\/patrimonioygenero\/wp-json\/wp\/v2\/media\/222"}],"wp:attachment":[{"href":"https:\/\/www.iaph.es\/patrimonioygenero\/wp-json\/wp\/v2\/media?parent=219"}],"wp:term":[{"taxonomy":"category","embeddable":true,"href":"https:\/\/www.iaph.es\/patrimonioygenero\/wp-json\/wp\/v2\/categories?post=219"},{"taxonomy":"post_tag","embeddable":true,"href":"https:\/\/www.iaph.es\/patrimonioygenero\/wp-json\/wp\/v2\/tags?post=219"}],"curies":[{"name":"wp","href":"https:\/\/api.w.org\/{rel}","templated":true}]}}