{"id":223,"date":"2024-05-10T07:42:58","date_gmt":"2024-05-10T07:42:58","guid":{"rendered":"https:\/\/www.iaph.es\/patrimonioygenero\/?p=223"},"modified":"2025-01-18T11:09:06","modified_gmt":"2025-01-18T11:09:06","slug":"matricera-de-la-cartuja","status":"publish","type":"post","link":"https:\/\/www.iaph.es\/patrimonioygenero\/matricera-de-la-cartuja\/","title":{"rendered":"Matricera de la Cartuja"},"content":{"rendered":"\n<figure class=\"wp-block-audio\"><audio controls src=\"https:\/\/www.iaph.es\/patrimonioygenero\/wp-content\/uploads\/2024\/05\/CHANI-LLAVES-12.mp3\"><\/audio><\/figure>\n","protected":false},"excerpt":{"rendered":"<p>En los lugares que pod\u00edas ocupar en la f\u00e1brica de cer\u00e1mica de la Cartuja, era determinante si eras mujer. Todas las historias  de vida relacionadas con los oficios tienen este elemento com\u00fan. La voz firme y amable cual creaci\u00f3n de cer\u00e1mica de Chani, nos cuenta la poco conocida historia de cuando una mujer lleg\u00f3 a ser matricera de la Cartuja.<\/p>\n","protected":false},"author":1,"featured_media":226,"comment_status":"open","ping_status":"open","sticky":false,"template":"","format":"standard","meta":{"footnotes":""},"categories":[7],"tags":[16,30],"class_list":["post-223","post","type-post","status-publish","format-standard","has-post-thumbnail","hentry","category-a-tus-ojos-mi-voz","tag-chani-llaves-ferrera","tag-matricera"],"yoast_head":"<!-- This site is optimized with the Yoast SEO plugin v27.2 - https:\/\/yoast.com\/product\/yoast-seo-wordpress\/ -->\n<title>Matricera de la Cartuja - Patrimonio y g\u00e9nero<\/title>\n<meta name=\"robots\" content=\"index, follow, max-snippet:-1, max-image-preview:large, max-video-preview:-1\" \/>\n<link rel=\"canonical\" href=\"https:\/\/www.iaph.es\/patrimonioygenero\/matricera-de-la-cartuja\/\" \/>\n<meta property=\"og:locale\" content=\"es_ES\" \/>\n<meta property=\"og:type\" content=\"article\" \/>\n<meta property=\"og:title\" content=\"Matricera de la Cartuja - Patrimonio y g\u00e9nero\" \/>\n<meta property=\"og:description\" content=\"En los lugares que pod\u00edas ocupar en la f\u00e1brica de cer\u00e1mica de la Cartuja, era determinante si eras mujer. Todas las historias de vida relacionadas con los oficios tienen este elemento com\u00fan. La voz firme y amable cual creaci\u00f3n de cer\u00e1mica de Chani, nos cuenta la poco conocida historia de cuando una mujer lleg\u00f3 a ser matricera de la Cartuja.\" \/>\n<meta property=\"og:url\" content=\"https:\/\/www.iaph.es\/patrimonioygenero\/matricera-de-la-cartuja\/\" \/>\n<meta property=\"og:site_name\" content=\"Patrimonio y g\u00e9nero\" \/>\n<meta property=\"article:published_time\" content=\"2024-05-10T07:42:58+00:00\" \/>\n<meta property=\"article:modified_time\" content=\"2025-01-18T11:09:06+00:00\" \/>\n<meta property=\"og:image\" content=\"https:\/\/www.iaph.es\/patrimonioygenero\/wp-content\/uploads\/2024\/05\/WEB_A-TUS-OJOS-MI-VOZ-110.jpg\" \/>\n\t<meta property=\"og:image:width\" content=\"591\" \/>\n\t<meta property=\"og:image:height\" content=\"886\" \/>\n\t<meta property=\"og:image:type\" content=\"image\/jpeg\" \/>\n<meta name=\"author\" content=\"hoolistic\" \/>\n<meta name=\"twitter:card\" content=\"summary_large_image\" \/>\n<meta name=\"twitter:label1\" content=\"Escrito por\" \/>\n\t<meta name=\"twitter:data1\" content=\"hoolistic\" \/>\n\t<meta name=\"twitter:label2\" content=\"Tiempo de lectura\" \/>\n\t<meta name=\"twitter:data2\" content=\"1 minuto\" \/>\n<script type=\"application\/ld+json\" class=\"yoast-schema-graph\">{\"@context\":\"https:\/\/schema.org\",\"@graph\":[{\"@type\":\"Article\",\"@id\":\"https:\/\/www.iaph.es\/patrimonioygenero\/matricera-de-la-cartuja\/#article\",\"isPartOf\":{\"@id\":\"https:\/\/www.iaph.es\/patrimonioygenero\/matricera-de-la-cartuja\/\"},\"author\":{\"name\":\"hoolistic\",\"@id\":\"https:\/\/www.iaph.es\/patrimonioygenero\/#\/schema\/person\/e95f0e0c2a113f44c8b42ee883406b59\"},\"headline\":\"Matricera de la Cartuja\",\"datePublished\":\"2024-05-10T07:42:58+00:00\",\"dateModified\":\"2025-01-18T11:09:06+00:00\",\"mainEntityOfPage\":{\"@id\":\"https:\/\/www.iaph.es\/patrimonioygenero\/matricera-de-la-cartuja\/\"},\"wordCount\":4,\"commentCount\":0,\"image\":{\"@id\":\"https:\/\/www.iaph.es\/patrimonioygenero\/matricera-de-la-cartuja\/#primaryimage\"},\"thumbnailUrl\":\"https:\/\/www.iaph.es\/patrimonioygenero\/wp-content\/uploads\/2024\/05\/WEB_A-TUS-OJOS-MI-VOZ-110.jpg\",\"keywords\":[\"Chani Llaves Ferrera\",\"Matricera\"],\"articleSection\":[\"A tus ojos mi voz\"],\"inLanguage\":\"es\",\"potentialAction\":[{\"@type\":\"CommentAction\",\"name\":\"Comment\",\"target\":[\"https:\/\/www.iaph.es\/patrimonioygenero\/matricera-de-la-cartuja\/#respond\"]}]},{\"@type\":\"WebPage\",\"@id\":\"https:\/\/www.iaph.es\/patrimonioygenero\/matricera-de-la-cartuja\/\",\"url\":\"https:\/\/www.iaph.es\/patrimonioygenero\/matricera-de-la-cartuja\/\",\"name\":\"Matricera de la Cartuja - Patrimonio y g\u00e9nero\",\"isPartOf\":{\"@id\":\"https:\/\/www.iaph.es\/patrimonioygenero\/#website\"},\"primaryImageOfPage\":{\"@id\":\"https:\/\/www.iaph.es\/patrimonioygenero\/matricera-de-la-cartuja\/#primaryimage\"},\"image\":{\"@id\":\"https:\/\/www.iaph.es\/patrimonioygenero\/matricera-de-la-cartuja\/#primaryimage\"},\"thumbnailUrl\":\"https:\/\/www.iaph.es\/patrimonioygenero\/wp-content\/uploads\/2024\/05\/WEB_A-TUS-OJOS-MI-VOZ-110.jpg\",\"datePublished\":\"2024-05-10T07:42:58+00:00\",\"dateModified\":\"2025-01-18T11:09:06+00:00\",\"author\":{\"@id\":\"https:\/\/www.iaph.es\/patrimonioygenero\/#\/schema\/person\/e95f0e0c2a113f44c8b42ee883406b59\"},\"breadcrumb\":{\"@id\":\"https:\/\/www.iaph.es\/patrimonioygenero\/matricera-de-la-cartuja\/#breadcrumb\"},\"inLanguage\":\"es\",\"potentialAction\":[{\"@type\":\"ReadAction\",\"target\":[\"https:\/\/www.iaph.es\/patrimonioygenero\/matricera-de-la-cartuja\/\"]}]},{\"@type\":\"ImageObject\",\"inLanguage\":\"es\",\"@id\":\"https:\/\/www.iaph.es\/patrimonioygenero\/matricera-de-la-cartuja\/#primaryimage\",\"url\":\"https:\/\/www.iaph.es\/patrimonioygenero\/wp-content\/uploads\/2024\/05\/WEB_A-TUS-OJOS-MI-VOZ-110.jpg\",\"contentUrl\":\"https:\/\/www.iaph.es\/patrimonioygenero\/wp-content\/uploads\/2024\/05\/WEB_A-TUS-OJOS-MI-VOZ-110.jpg\",\"width\":591,\"height\":886,\"caption\":\"Chani\"},{\"@type\":\"BreadcrumbList\",\"@id\":\"https:\/\/www.iaph.es\/patrimonioygenero\/matricera-de-la-cartuja\/#breadcrumb\",\"itemListElement\":[{\"@type\":\"ListItem\",\"position\":1,\"name\":\"Portada\",\"item\":\"https:\/\/www.iaph.es\/patrimonioygenero\/\"},{\"@type\":\"ListItem\",\"position\":2,\"name\":\"Matricera de la Cartuja\"}]},{\"@type\":\"WebSite\",\"@id\":\"https:\/\/www.iaph.es\/patrimonioygenero\/#website\",\"url\":\"https:\/\/www.iaph.es\/patrimonioygenero\/\",\"name\":\"IAPH 2024\",\"description\":\"\",\"potentialAction\":[{\"@type\":\"SearchAction\",\"target\":{\"@type\":\"EntryPoint\",\"urlTemplate\":\"https:\/\/www.iaph.es\/patrimonioygenero\/?s={search_term_string}\"},\"query-input\":{\"@type\":\"PropertyValueSpecification\",\"valueRequired\":true,\"valueName\":\"search_term_string\"}}],\"inLanguage\":\"es\"},{\"@type\":\"Person\",\"@id\":\"https:\/\/www.iaph.es\/patrimonioygenero\/#\/schema\/person\/e95f0e0c2a113f44c8b42ee883406b59\",\"name\":\"hoolistic\",\"image\":{\"@type\":\"ImageObject\",\"inLanguage\":\"es\",\"@id\":\"https:\/\/secure.gravatar.com\/avatar\/a38d59e29b65acbacacc3e2803f14de9f7219cd601d5ee754928773a47688828?s=96&d=mm&r=g\",\"url\":\"https:\/\/secure.gravatar.com\/avatar\/a38d59e29b65acbacacc3e2803f14de9f7219cd601d5ee754928773a47688828?s=96&d=mm&r=g\",\"contentUrl\":\"https:\/\/secure.gravatar.com\/avatar\/a38d59e29b65acbacacc3e2803f14de9f7219cd601d5ee754928773a47688828?s=96&d=mm&r=g\",\"caption\":\"hoolistic\"},\"sameAs\":[\"https:\/\/www.iaph.es\/patrimonioygenero\"],\"url\":\"https:\/\/www.iaph.es\/patrimonioygenero\/author\/hoolistic\/\"}]}<\/script>\n<!-- \/ Yoast SEO plugin. -->","yoast_head_json":{"title":"Matricera de la Cartuja - Patrimonio y g\u00e9nero","robots":{"index":"index","follow":"follow","max-snippet":"max-snippet:-1","max-image-preview":"max-image-preview:large","max-video-preview":"max-video-preview:-1"},"canonical":"https:\/\/www.iaph.es\/patrimonioygenero\/matricera-de-la-cartuja\/","og_locale":"es_ES","og_type":"article","og_title":"Matricera de la Cartuja - Patrimonio y g\u00e9nero","og_description":"En los lugares que pod\u00edas ocupar en la f\u00e1brica de cer\u00e1mica de la Cartuja, era determinante si eras mujer. Todas las historias de vida relacionadas con los oficios tienen este elemento com\u00fan. La voz firme y amable cual creaci\u00f3n de cer\u00e1mica de Chani, nos cuenta la poco conocida historia de cuando una mujer lleg\u00f3 a ser matricera de la Cartuja.","og_url":"https:\/\/www.iaph.es\/patrimonioygenero\/matricera-de-la-cartuja\/","og_site_name":"Patrimonio y g\u00e9nero","article_published_time":"2024-05-10T07:42:58+00:00","article_modified_time":"2025-01-18T11:09:06+00:00","og_image":[{"width":591,"height":886,"url":"https:\/\/www.iaph.es\/patrimonioygenero\/wp-content\/uploads\/2024\/05\/WEB_A-TUS-OJOS-MI-VOZ-110.jpg","type":"image\/jpeg"}],"author":"hoolistic","twitter_card":"summary_large_image","twitter_misc":{"Escrito por":"hoolistic","Tiempo de lectura":"1 minuto"},"schema":{"@context":"https:\/\/schema.org","@graph":[{"@type":"Article","@id":"https:\/\/www.iaph.es\/patrimonioygenero\/matricera-de-la-cartuja\/#article","isPartOf":{"@id":"https:\/\/www.iaph.es\/patrimonioygenero\/matricera-de-la-cartuja\/"},"author":{"name":"hoolistic","@id":"https:\/\/www.iaph.es\/patrimonioygenero\/#\/schema\/person\/e95f0e0c2a113f44c8b42ee883406b59"},"headline":"Matricera de la Cartuja","datePublished":"2024-05-10T07:42:58+00:00","dateModified":"2025-01-18T11:09:06+00:00","mainEntityOfPage":{"@id":"https:\/\/www.iaph.es\/patrimonioygenero\/matricera-de-la-cartuja\/"},"wordCount":4,"commentCount":0,"image":{"@id":"https:\/\/www.iaph.es\/patrimonioygenero\/matricera-de-la-cartuja\/#primaryimage"},"thumbnailUrl":"https:\/\/www.iaph.es\/patrimonioygenero\/wp-content\/uploads\/2024\/05\/WEB_A-TUS-OJOS-MI-VOZ-110.jpg","keywords":["Chani Llaves Ferrera","Matricera"],"articleSection":["A tus ojos mi voz"],"inLanguage":"es","potentialAction":[{"@type":"CommentAction","name":"Comment","target":["https:\/\/www.iaph.es\/patrimonioygenero\/matricera-de-la-cartuja\/#respond"]}]},{"@type":"WebPage","@id":"https:\/\/www.iaph.es\/patrimonioygenero\/matricera-de-la-cartuja\/","url":"https:\/\/www.iaph.es\/patrimonioygenero\/matricera-de-la-cartuja\/","name":"Matricera de la Cartuja - Patrimonio y g\u00e9nero","isPartOf":{"@id":"https:\/\/www.iaph.es\/patrimonioygenero\/#website"},"primaryImageOfPage":{"@id":"https:\/\/www.iaph.es\/patrimonioygenero\/matricera-de-la-cartuja\/#primaryimage"},"image":{"@id":"https:\/\/www.iaph.es\/patrimonioygenero\/matricera-de-la-cartuja\/#primaryimage"},"thumbnailUrl":"https:\/\/www.iaph.es\/patrimonioygenero\/wp-content\/uploads\/2024\/05\/WEB_A-TUS-OJOS-MI-VOZ-110.jpg","datePublished":"2024-05-10T07:42:58+00:00","dateModified":"2025-01-18T11:09:06+00:00","author":{"@id":"https:\/\/www.iaph.es\/patrimonioygenero\/#\/schema\/person\/e95f0e0c2a113f44c8b42ee883406b59"},"breadcrumb":{"@id":"https:\/\/www.iaph.es\/patrimonioygenero\/matricera-de-la-cartuja\/#breadcrumb"},"inLanguage":"es","potentialAction":[{"@type":"ReadAction","target":["https:\/\/www.iaph.es\/patrimonioygenero\/matricera-de-la-cartuja\/"]}]},{"@type":"ImageObject","inLanguage":"es","@id":"https:\/\/www.iaph.es\/patrimonioygenero\/matricera-de-la-cartuja\/#primaryimage","url":"https:\/\/www.iaph.es\/patrimonioygenero\/wp-content\/uploads\/2024\/05\/WEB_A-TUS-OJOS-MI-VOZ-110.jpg","contentUrl":"https:\/\/www.iaph.es\/patrimonioygenero\/wp-content\/uploads\/2024\/05\/WEB_A-TUS-OJOS-MI-VOZ-110.jpg","width":591,"height":886,"caption":"Chani"},{"@type":"BreadcrumbList","@id":"https:\/\/www.iaph.es\/patrimonioygenero\/matricera-de-la-cartuja\/#breadcrumb","itemListElement":[{"@type":"ListItem","position":1,"name":"Portada","item":"https:\/\/www.iaph.es\/patrimonioygenero\/"},{"@type":"ListItem","position":2,"name":"Matricera de la Cartuja"}]},{"@type":"WebSite","@id":"https:\/\/www.iaph.es\/patrimonioygenero\/#website","url":"https:\/\/www.iaph.es\/patrimonioygenero\/","name":"IAPH 2024","description":"","potentialAction":[{"@type":"SearchAction","target":{"@type":"EntryPoint","urlTemplate":"https:\/\/www.iaph.es\/patrimonioygenero\/?s={search_term_string}"},"query-input":{"@type":"PropertyValueSpecification","valueRequired":true,"valueName":"search_term_string"}}],"inLanguage":"es"},{"@type":"Person","@id":"https:\/\/www.iaph.es\/patrimonioygenero\/#\/schema\/person\/e95f0e0c2a113f44c8b42ee883406b59","name":"hoolistic","image":{"@type":"ImageObject","inLanguage":"es","@id":"https:\/\/secure.gravatar.com\/avatar\/a38d59e29b65acbacacc3e2803f14de9f7219cd601d5ee754928773a47688828?s=96&d=mm&r=g","url":"https:\/\/secure.gravatar.com\/avatar\/a38d59e29b65acbacacc3e2803f14de9f7219cd601d5ee754928773a47688828?s=96&d=mm&r=g","contentUrl":"https:\/\/secure.gravatar.com\/avatar\/a38d59e29b65acbacacc3e2803f14de9f7219cd601d5ee754928773a47688828?s=96&d=mm&r=g","caption":"hoolistic"},"sameAs":["https:\/\/www.iaph.es\/patrimonioygenero"],"url":"https:\/\/www.iaph.es\/patrimonioygenero\/author\/hoolistic\/"}]}},"_links":{"self":[{"href":"https:\/\/www.iaph.es\/patrimonioygenero\/wp-json\/wp\/v2\/posts\/223","targetHints":{"allow":["GET"]}}],"collection":[{"href":"https:\/\/www.iaph.es\/patrimonioygenero\/wp-json\/wp\/v2\/posts"}],"about":[{"href":"https:\/\/www.iaph.es\/patrimonioygenero\/wp-json\/wp\/v2\/types\/post"}],"author":[{"embeddable":true,"href":"https:\/\/www.iaph.es\/patrimonioygenero\/wp-json\/wp\/v2\/users\/1"}],"replies":[{"embeddable":true,"href":"https:\/\/www.iaph.es\/patrimonioygenero\/wp-json\/wp\/v2\/comments?post=223"}],"version-history":[{"count":6,"href":"https:\/\/www.iaph.es\/patrimonioygenero\/wp-json\/wp\/v2\/posts\/223\/revisions"}],"predecessor-version":[{"id":888,"href":"https:\/\/www.iaph.es\/patrimonioygenero\/wp-json\/wp\/v2\/posts\/223\/revisions\/888"}],"wp:featuredmedia":[{"embeddable":true,"href":"https:\/\/www.iaph.es\/patrimonioygenero\/wp-json\/wp\/v2\/media\/226"}],"wp:attachment":[{"href":"https:\/\/www.iaph.es\/patrimonioygenero\/wp-json\/wp\/v2\/media?parent=223"}],"wp:term":[{"taxonomy":"category","embeddable":true,"href":"https:\/\/www.iaph.es\/patrimonioygenero\/wp-json\/wp\/v2\/categories?post=223"},{"taxonomy":"post_tag","embeddable":true,"href":"https:\/\/www.iaph.es\/patrimonioygenero\/wp-json\/wp\/v2\/tags?post=223"}],"curies":[{"name":"wp","href":"https:\/\/api.w.org\/{rel}","templated":true}]}}